{"id":77,"date":"2023-11-03T20:03:25","date_gmt":"2023-11-03T20:03:25","guid":{"rendered":"https:\/\/www.verter.org.mx\/?p=77"},"modified":"2023-11-03T20:06:35","modified_gmt":"2023-11-03T20:06:35","slug":"referencia-de-verter","status":"publish","type":"post","link":"https:\/\/www.verter.org.mx\/?p=77","title":{"rendered":"Referencia de Verter"},"content":{"rendered":"\n<div class=\"wp-block-buttons is-layout-flex wp-block-buttons-is-layout-flex\">\n<div class=\"wp-block-button\"><a class=\"wp-block-button__link wp-element-button\">\u00bfQui\u00e9nes somos?<\/a><\/div>\n<\/div>\n","protected":false},"excerpt":{"rendered":"","protected":false},"author":1,"featured_media":69,"comment_status":"open","ping_status":"closed","sticky":false,"template":"","format":"standard","meta":{"footnotes":""},"categories":[1],"tags":[],"class_list":["post-77","post","type-post","status-publish","format-standard","has-post-thumbnail","hentry","category-uncategorized"],"yoast_head":"<!-- This site is optimized with the Yoast SEO plugin v27.2 - https:\/\/yoast.com\/product\/yoast-seo-wordpress\/ -->\n<title>Referencia de Verter - Verter AC %<\/title>\n<meta name=\"description\" content=\"Verter A. C. es una incubadora comunitaria que dise\u00f1a, gestiona, opera y eval\u00faa proyectos sociales de salud p\u00fablica y derechos humanos.\" \/>\n<meta name=\"robots\" content=\"index, follow, max-snippet:-1, max-image-preview:large, max-video-preview:-1\" \/>\n<link rel=\"canonical\" href=\"https:\/\/www.verter.org.mx\/?p=77\" \/>\n<meta property=\"og:locale\" content=\"es_ES\" \/>\n<meta property=\"og:type\" content=\"article\" \/>\n<meta property=\"og:title\" content=\"Referencia de Verter - Verter AC %\" \/>\n<meta property=\"og:description\" content=\"Verter A. C. es una incubadora comunitaria que dise\u00f1a, gestiona, opera y eval\u00faa proyectos sociales de salud p\u00fablica y derechos humanos.\" \/>\n<meta property=\"og:url\" content=\"https:\/\/www.verter.org.mx\/?p=77\" \/>\n<meta property=\"og:site_name\" content=\"Verter AC\" \/>\n<meta property=\"article:author\" content=\"https:\/\/www.facebook.com\/VerterAC\" \/>\n<meta property=\"article:published_time\" content=\"2023-11-03T20:03:25+00:00\" \/>\n<meta property=\"article:modified_time\" content=\"2023-11-03T20:06:35+00:00\" \/>\n<meta property=\"og:image\" content=\"https:\/\/www.verter.org.mx\/wp-content\/uploads\/2023\/11\/1.png\" \/>\n\t<meta property=\"og:image:width\" content=\"1004\" \/>\n\t<meta property=\"og:image:height\" content=\"591\" \/>\n\t<meta property=\"og:image:type\" content=\"image\/png\" \/>\n<meta name=\"author\" content=\"VerterAC\" \/>\n<meta name=\"twitter:card\" content=\"summary_large_image\" \/>\n<meta name=\"twitter:creator\" content=\"@VerterAC\" \/>\n<meta name=\"twitter:label1\" content=\"Escrito por\" \/>\n\t<meta name=\"twitter:data1\" content=\"VerterAC\" \/>\n\t<meta name=\"twitter:label2\" content=\"Tiempo de lectura\" \/>\n\t<meta name=\"twitter:data2\" content=\"1 minuto\" \/>\n<script type=\"application\/ld+json\" class=\"yoast-schema-graph\">{\"@context\":\"https:\/\/schema.org\",\"@graph\":[{\"@type\":\"Article\",\"@id\":\"https:\/\/www.verter.org.mx\/?p=77#article\",\"isPartOf\":{\"@id\":\"https:\/\/www.verter.org.mx\/?p=77\"},\"author\":{\"name\":\"VerterAC\",\"@id\":\"https:\/\/www.verter.org.mx\/#\/schema\/person\/97cce56dbbfe584213cb61e4b96cd823\"},\"headline\":\"Referencia de Verter\",\"datePublished\":\"2023-11-03T20:03:25+00:00\",\"dateModified\":\"2023-11-03T20:06:35+00:00\",\"mainEntityOfPage\":{\"@id\":\"https:\/\/www.verter.org.mx\/?p=77\"},\"wordCount\":6,\"commentCount\":0,\"publisher\":{\"@id\":\"https:\/\/www.verter.org.mx\/#organization\"},\"image\":{\"@id\":\"https:\/\/www.verter.org.mx\/?p=77#primaryimage\"},\"thumbnailUrl\":\"https:\/\/www.verter.org.mx\/wp-content\/uploads\/2023\/11\/1.png\",\"articleSection\":[\"Uncategorized\"],\"inLanguage\":\"es\",\"potentialAction\":[{\"@type\":\"CommentAction\",\"name\":\"Comment\",\"target\":[\"https:\/\/www.verter.org.mx\/?p=77#respond\"]}]},{\"@type\":\"WebPage\",\"@id\":\"https:\/\/www.verter.org.mx\/?p=77\",\"url\":\"https:\/\/www.verter.org.mx\/?p=77\",\"name\":\"Referencia de Verter - Verter AC %\",\"isPartOf\":{\"@id\":\"https:\/\/www.verter.org.mx\/#website\"},\"primaryImageOfPage\":{\"@id\":\"https:\/\/www.verter.org.mx\/?p=77#primaryimage\"},\"image\":{\"@id\":\"https:\/\/www.verter.org.mx\/?p=77#primaryimage\"},\"thumbnailUrl\":\"https:\/\/www.verter.org.mx\/wp-content\/uploads\/2023\/11\/1.png\",\"datePublished\":\"2023-11-03T20:03:25+00:00\",\"dateModified\":\"2023-11-03T20:06:35+00:00\",\"description\":\"Verter A. C. es una incubadora comunitaria que dise\u00f1a, gestiona, opera y eval\u00faa proyectos sociales de salud p\u00fablica y derechos humanos.\",\"breadcrumb\":{\"@id\":\"https:\/\/www.verter.org.mx\/?p=77#breadcrumb\"},\"inLanguage\":\"es\",\"potentialAction\":[{\"@type\":\"ReadAction\",\"target\":[\"https:\/\/www.verter.org.mx\/?p=77\"]}]},{\"@type\":\"ImageObject\",\"inLanguage\":\"es\",\"@id\":\"https:\/\/www.verter.org.mx\/?p=77#primaryimage\",\"url\":\"https:\/\/www.verter.org.mx\/wp-content\/uploads\/2023\/11\/1.png\",\"contentUrl\":\"https:\/\/www.verter.org.mx\/wp-content\/uploads\/2023\/11\/1.png\",\"width\":1004,\"height\":591,\"caption\":\"Presentation Card\"},{\"@type\":\"BreadcrumbList\",\"@id\":\"https:\/\/www.verter.org.mx\/?p=77#breadcrumb\",\"itemListElement\":[{\"@type\":\"ListItem\",\"position\":1,\"name\":\"Portada\",\"item\":\"https:\/\/www.verter.org.mx\/\"},{\"@type\":\"ListItem\",\"position\":2,\"name\":\"Referencia de Verter\"}]},{\"@type\":\"WebSite\",\"@id\":\"https:\/\/www.verter.org.mx\/#website\",\"url\":\"https:\/\/www.verter.org.mx\/\",\"name\":\"Verter AC\",\"description\":\"Integraci\u00f3n Social Verter\",\"publisher\":{\"@id\":\"https:\/\/www.verter.org.mx\/#organization\"},\"potentialAction\":[{\"@type\":\"SearchAction\",\"target\":{\"@type\":\"EntryPoint\",\"urlTemplate\":\"https:\/\/www.verter.org.mx\/?s={search_term_string}\"},\"query-input\":{\"@type\":\"PropertyValueSpecification\",\"valueRequired\":true,\"valueName\":\"search_term_string\"}}],\"inLanguage\":\"es\"},{\"@type\":\"Organization\",\"@id\":\"https:\/\/www.verter.org.mx\/#organization\",\"name\":\"Verter AC\",\"url\":\"https:\/\/www.verter.org.mx\/\",\"logo\":{\"@type\":\"ImageObject\",\"inLanguage\":\"es\",\"@id\":\"https:\/\/www.verter.org.mx\/#\/schema\/logo\/image\/\",\"url\":\"https:\/\/www.verter.org.mx\/wp-content\/uploads\/2022\/05\/cropped-LOGO-VERTER.png\",\"contentUrl\":\"https:\/\/www.verter.org.mx\/wp-content\/uploads\/2022\/05\/cropped-LOGO-VERTER.png\",\"width\":529,\"height\":470,\"caption\":\"Verter AC\"},\"image\":{\"@id\":\"https:\/\/www.verter.org.mx\/#\/schema\/logo\/image\/\"}},{\"@type\":\"Person\",\"@id\":\"https:\/\/www.verter.org.mx\/#\/schema\/person\/97cce56dbbfe584213cb61e4b96cd823\",\"name\":\"VerterAC\",\"image\":{\"@type\":\"ImageObject\",\"inLanguage\":\"es\",\"@id\":\"https:\/\/secure.gravatar.com\/avatar\/948e35d1132ddc50338339dfcbe46161859ed6024ee9cac0f08cb690e361214b?s=96&d=mm&r=g\",\"url\":\"https:\/\/secure.gravatar.com\/avatar\/948e35d1132ddc50338339dfcbe46161859ed6024ee9cac0f08cb690e361214b?s=96&d=mm&r=g\",\"contentUrl\":\"https:\/\/secure.gravatar.com\/avatar\/948e35d1132ddc50338339dfcbe46161859ed6024ee9cac0f08cb690e361214b?s=96&d=mm&r=g\",\"caption\":\"VerterAC\"},\"description\":\"Verter es una organizaci\u00f3n de la sociedad civil que fue fundada en M\u00e9xico en el a\u00f1o 2013 para dise\u00f1ar, gestionar y operar proyectos sociales de salud p\u00fablica y derechos humanos entre poblaciones vulnerabilizadas.\",\"sameAs\":[\"https:\/\/www.verter.org.mx\",\"https:\/\/www.facebook.com\/VerterAC\",\"https:\/\/www.instagram.com\/verter.ac\/\",\"linkedin.com\/company-social-verter-a-c-\",\"https:\/\/x.com\/VerterAC\",\"https:\/\/www.youtube.com\/@VerterAC\"],\"url\":\"https:\/\/www.verter.org.mx\/?author=1\"}]}<\/script>\n<!-- \/ Yoast SEO plugin. -->","yoast_head_json":{"title":"Referencia de Verter - Verter AC %","description":"Verter A. C. es una incubadora comunitaria que dise\u00f1a, gestiona, opera y eval\u00faa proyectos sociales de salud p\u00fablica y derechos humanos.","robots":{"index":"index","follow":"follow","max-snippet":"max-snippet:-1","max-image-preview":"max-image-preview:large","max-video-preview":"max-video-preview:-1"},"canonical":"https:\/\/www.verter.org.mx\/?p=77","og_locale":"es_ES","og_type":"article","og_title":"Referencia de Verter - Verter AC %","og_description":"Verter A. C. es una incubadora comunitaria que dise\u00f1a, gestiona, opera y eval\u00faa proyectos sociales de salud p\u00fablica y derechos humanos.","og_url":"https:\/\/www.verter.org.mx\/?p=77","og_site_name":"Verter AC","article_author":"https:\/\/www.facebook.com\/VerterAC","article_published_time":"2023-11-03T20:03:25+00:00","article_modified_time":"2023-11-03T20:06:35+00:00","og_image":[{"width":1004,"height":591,"url":"https:\/\/www.verter.org.mx\/wp-content\/uploads\/2023\/11\/1.png","type":"image\/png"}],"author":"VerterAC","twitter_card":"summary_large_image","twitter_creator":"@VerterAC","twitter_misc":{"Escrito por":"VerterAC","Tiempo de lectura":"1 minuto"},"schema":{"@context":"https:\/\/schema.org","@graph":[{"@type":"Article","@id":"https:\/\/www.verter.org.mx\/?p=77#article","isPartOf":{"@id":"https:\/\/www.verter.org.mx\/?p=77"},"author":{"name":"VerterAC","@id":"https:\/\/www.verter.org.mx\/#\/schema\/person\/97cce56dbbfe584213cb61e4b96cd823"},"headline":"Referencia de Verter","datePublished":"2023-11-03T20:03:25+00:00","dateModified":"2023-11-03T20:06:35+00:00","mainEntityOfPage":{"@id":"https:\/\/www.verter.org.mx\/?p=77"},"wordCount":6,"commentCount":0,"publisher":{"@id":"https:\/\/www.verter.org.mx\/#organization"},"image":{"@id":"https:\/\/www.verter.org.mx\/?p=77#primaryimage"},"thumbnailUrl":"https:\/\/www.verter.org.mx\/wp-content\/uploads\/2023\/11\/1.png","articleSection":["Uncategorized"],"inLanguage":"es","potentialAction":[{"@type":"CommentAction","name":"Comment","target":["https:\/\/www.verter.org.mx\/?p=77#respond"]}]},{"@type":"WebPage","@id":"https:\/\/www.verter.org.mx\/?p=77","url":"https:\/\/www.verter.org.mx\/?p=77","name":"Referencia de Verter - Verter AC %","isPartOf":{"@id":"https:\/\/www.verter.org.mx\/#website"},"primaryImageOfPage":{"@id":"https:\/\/www.verter.org.mx\/?p=77#primaryimage"},"image":{"@id":"https:\/\/www.verter.org.mx\/?p=77#primaryimage"},"thumbnailUrl":"https:\/\/www.verter.org.mx\/wp-content\/uploads\/2023\/11\/1.png","datePublished":"2023-11-03T20:03:25+00:00","dateModified":"2023-11-03T20:06:35+00:00","description":"Verter A. C. es una incubadora comunitaria que dise\u00f1a, gestiona, opera y eval\u00faa proyectos sociales de salud p\u00fablica y derechos humanos.","breadcrumb":{"@id":"https:\/\/www.verter.org.mx\/?p=77#breadcrumb"},"inLanguage":"es","potentialAction":[{"@type":"ReadAction","target":["https:\/\/www.verter.org.mx\/?p=77"]}]},{"@type":"ImageObject","inLanguage":"es","@id":"https:\/\/www.verter.org.mx\/?p=77#primaryimage","url":"https:\/\/www.verter.org.mx\/wp-content\/uploads\/2023\/11\/1.png","contentUrl":"https:\/\/www.verter.org.mx\/wp-content\/uploads\/2023\/11\/1.png","width":1004,"height":591,"caption":"Presentation Card"},{"@type":"BreadcrumbList","@id":"https:\/\/www.verter.org.mx\/?p=77#breadcrumb","itemListElement":[{"@type":"ListItem","position":1,"name":"Portada","item":"https:\/\/www.verter.org.mx\/"},{"@type":"ListItem","position":2,"name":"Referencia de Verter"}]},{"@type":"WebSite","@id":"https:\/\/www.verter.org.mx\/#website","url":"https:\/\/www.verter.org.mx\/","name":"Verter AC","description":"Integraci\u00f3n Social Verter","publisher":{"@id":"https:\/\/www.verter.org.mx\/#organization"},"potentialAction":[{"@type":"SearchAction","target":{"@type":"EntryPoint","urlTemplate":"https:\/\/www.verter.org.mx\/?s={search_term_string}"},"query-input":{"@type":"PropertyValueSpecification","valueRequired":true,"valueName":"search_term_string"}}],"inLanguage":"es"},{"@type":"Organization","@id":"https:\/\/www.verter.org.mx\/#organization","name":"Verter AC","url":"https:\/\/www.verter.org.mx\/","logo":{"@type":"ImageObject","inLanguage":"es","@id":"https:\/\/www.verter.org.mx\/#\/schema\/logo\/image\/","url":"https:\/\/www.verter.org.mx\/wp-content\/uploads\/2022\/05\/cropped-LOGO-VERTER.png","contentUrl":"https:\/\/www.verter.org.mx\/wp-content\/uploads\/2022\/05\/cropped-LOGO-VERTER.png","width":529,"height":470,"caption":"Verter AC"},"image":{"@id":"https:\/\/www.verter.org.mx\/#\/schema\/logo\/image\/"}},{"@type":"Person","@id":"https:\/\/www.verter.org.mx\/#\/schema\/person\/97cce56dbbfe584213cb61e4b96cd823","name":"VerterAC","image":{"@type":"ImageObject","inLanguage":"es","@id":"https:\/\/secure.gravatar.com\/avatar\/948e35d1132ddc50338339dfcbe46161859ed6024ee9cac0f08cb690e361214b?s=96&d=mm&r=g","url":"https:\/\/secure.gravatar.com\/avatar\/948e35d1132ddc50338339dfcbe46161859ed6024ee9cac0f08cb690e361214b?s=96&d=mm&r=g","contentUrl":"https:\/\/secure.gravatar.com\/avatar\/948e35d1132ddc50338339dfcbe46161859ed6024ee9cac0f08cb690e361214b?s=96&d=mm&r=g","caption":"VerterAC"},"description":"Verter es una organizaci\u00f3n de la sociedad civil que fue fundada en M\u00e9xico en el a\u00f1o 2013 para dise\u00f1ar, gestionar y operar proyectos sociales de salud p\u00fablica y derechos humanos entre poblaciones vulnerabilizadas.","sameAs":["https:\/\/www.verter.org.mx","https:\/\/www.facebook.com\/VerterAC","https:\/\/www.instagram.com\/verter.ac\/","linkedin.com\/company-social-verter-a-c-","https:\/\/x.com\/VerterAC","https:\/\/www.youtube.com\/@VerterAC"],"url":"https:\/\/www.verter.org.mx\/?author=1"}]}},"_links":{"self":[{"href":"https:\/\/www.verter.org.mx\/index.php?rest_route=\/wp\/v2\/posts\/77","targetHints":{"allow":["GET"]}}],"collection":[{"href":"https:\/\/www.verter.org.mx\/index.php?rest_route=\/wp\/v2\/posts"}],"about":[{"href":"https:\/\/www.verter.org.mx\/index.php?rest_route=\/wp\/v2\/types\/post"}],"author":[{"embeddable":true,"href":"https:\/\/www.verter.org.mx\/index.php?rest_route=\/wp\/v2\/users\/1"}],"replies":[{"embeddable":true,"href":"https:\/\/www.verter.org.mx\/index.php?rest_route=%2Fwp%2Fv2%2Fcomments&post=77"}],"version-history":[{"count":1,"href":"https:\/\/www.verter.org.mx\/index.php?rest_route=\/wp\/v2\/posts\/77\/revisions"}],"predecessor-version":[{"id":78,"href":"https:\/\/www.verter.org.mx\/index.php?rest_route=\/wp\/v2\/posts\/77\/revisions\/78"}],"wp:featuredmedia":[{"embeddable":true,"href":"https:\/\/www.verter.org.mx\/index.php?rest_route=\/wp\/v2\/media\/69"}],"wp:attachment":[{"href":"https:\/\/www.verter.org.mx\/index.php?rest_route=%2Fwp%2Fv2%2Fmedia&parent=77"}],"wp:term":[{"taxonomy":"category","embeddable":true,"href":"https:\/\/www.verter.org.mx\/index.php?rest_route=%2Fwp%2Fv2%2Fcategories&post=77"},{"taxonomy":"post_tag","embeddable":true,"href":"https:\/\/www.verter.org.mx\/index.php?rest_route=%2Fwp%2Fv2%2Ftags&post=77"}],"curies":[{"name":"wp","href":"https:\/\/api.w.org\/{rel}","templated":true}]}}