{"id":1,"date":"2022-05-10T22:22:38","date_gmt":"2022-05-10T22:22:38","guid":{"rendered":"https:\/\/www.verter.org.mx\/?p=1"},"modified":"2025-09-12T19:42:39","modified_gmt":"2025-09-12T19:42:39","slug":"hello-world","status":"publish","type":"post","link":"https:\/\/www.verter.org.mx\/?p=1","title":{"rendered":"Bienvenid@s al sitio electr\u00f3nico de Verter AC"},"content":{"rendered":"\n<p>Hemos reestructurado la p\u00e1gina electr\u00f3nica de Integraci\u00f3n Social Verter en donde encontrar\u00e1s toda la informaci\u00f3n necesaria para conocer la historia, experiencia t\u00e9cnica, proyectos y los ejes de trabajo organizacional.<\/p>\n","protected":false},"excerpt":{"rendered":"<p>Hemos reestructurado la p\u00e1gina electr\u00f3nica de Integraci\u00f3n Social Verter en donde encontrar\u00e1s toda la informaci\u00f3n necesaria para conocer la historia, experiencia t\u00e9cnica, proyectos y los ejes de trabajo organizacional.<\/p>\n","protected":false},"author":1,"featured_media":0,"comment_status":"open","ping_status":"closed","sticky":false,"template":"","format":"standard","meta":{"footnotes":""},"categories":[1],"tags":[],"class_list":["post-1","post","type-post","status-publish","format-standard","hentry","category-uncategorized"],"yoast_head":"<!-- This site is optimized with the Yoast SEO plugin v27.2 - https:\/\/yoast.com\/product\/yoast-seo-wordpress\/ -->\n<title>Bienvenid@s al sitio electr\u00f3nico de Verter AC - Verter AC<\/title>\n<meta name=\"description\" content=\"Hemos reestructurado la p\u00e1gina electr\u00f3nica de Integraci\u00f3n Social Verter A C. en donde encontrar\u00e1n toda la informaci\u00f3n necesaria para conocer los ejes de trabajo organizacional\" \/>\n<meta name=\"robots\" content=\"index, follow, max-snippet:-1, max-image-preview:large, max-video-preview:-1\" \/>\n<link rel=\"canonical\" href=\"https:\/\/www.verter.org.mx\/?p=1\" \/>\n<meta property=\"og:locale\" content=\"es_ES\" \/>\n<meta property=\"og:type\" content=\"article\" \/>\n<meta property=\"og:title\" content=\"Bienvenid@s al sitio electr\u00f3nico de Verter AC - Verter AC\" \/>\n<meta property=\"og:description\" content=\"Hemos reestructurado la p\u00e1gina electr\u00f3nica de Integraci\u00f3n Social Verter A C. en donde encontrar\u00e1n toda la informaci\u00f3n necesaria para conocer los ejes de trabajo organizacional\" \/>\n<meta property=\"og:url\" content=\"https:\/\/www.verter.org.mx\/?p=1\" \/>\n<meta property=\"og:site_name\" content=\"Verter AC\" \/>\n<meta property=\"article:author\" content=\"https:\/\/www.facebook.com\/VerterAC\" \/>\n<meta property=\"article:published_time\" content=\"2022-05-10T22:22:38+00:00\" \/>\n<meta property=\"article:modified_time\" content=\"2025-09-12T19:42:39+00:00\" \/>\n<meta name=\"author\" content=\"VerterAC\" \/>\n<meta name=\"twitter:card\" content=\"summary_large_image\" \/>\n<meta name=\"twitter:creator\" content=\"@VerterAC\" \/>\n<meta name=\"twitter:label1\" content=\"Escrito por\" \/>\n\t<meta name=\"twitter:data1\" content=\"VerterAC\" \/>\n\t<meta name=\"twitter:label2\" content=\"Tiempo de lectura\" \/>\n\t<meta name=\"twitter:data2\" content=\"1 minuto\" \/>\n<script type=\"application\/ld+json\" class=\"yoast-schema-graph\">{\"@context\":\"https:\/\/schema.org\",\"@graph\":[{\"@type\":\"Article\",\"@id\":\"https:\/\/www.verter.org.mx\/?p=1#article\",\"isPartOf\":{\"@id\":\"https:\/\/www.verter.org.mx\/?p=1\"},\"author\":{\"name\":\"VerterAC\",\"@id\":\"https:\/\/www.verter.org.mx\/#\/schema\/person\/97cce56dbbfe584213cb61e4b96cd823\"},\"headline\":\"Bienvenid@s al sitio electr\u00f3nico de Verter AC\",\"datePublished\":\"2022-05-10T22:22:38+00:00\",\"dateModified\":\"2025-09-12T19:42:39+00:00\",\"mainEntityOfPage\":{\"@id\":\"https:\/\/www.verter.org.mx\/?p=1\"},\"wordCount\":44,\"commentCount\":0,\"publisher\":{\"@id\":\"https:\/\/www.verter.org.mx\/#organization\"},\"articleSection\":[\"Uncategorized\"],\"inLanguage\":\"es\",\"potentialAction\":[{\"@type\":\"CommentAction\",\"name\":\"Comment\",\"target\":[\"https:\/\/www.verter.org.mx\/?p=1#respond\"]}]},{\"@type\":\"WebPage\",\"@id\":\"https:\/\/www.verter.org.mx\/?p=1\",\"url\":\"https:\/\/www.verter.org.mx\/?p=1\",\"name\":\"Bienvenid@s al sitio electr\u00f3nico de Verter AC - Verter AC\",\"isPartOf\":{\"@id\":\"https:\/\/www.verter.org.mx\/#website\"},\"datePublished\":\"2022-05-10T22:22:38+00:00\",\"dateModified\":\"2025-09-12T19:42:39+00:00\",\"description\":\"Hemos reestructurado la p\u00e1gina electr\u00f3nica de Integraci\u00f3n Social Verter A C. en donde encontrar\u00e1n toda la informaci\u00f3n necesaria para conocer los ejes de trabajo organizacional\",\"breadcrumb\":{\"@id\":\"https:\/\/www.verter.org.mx\/?p=1#breadcrumb\"},\"inLanguage\":\"es\",\"potentialAction\":[{\"@type\":\"ReadAction\",\"target\":[\"https:\/\/www.verter.org.mx\/?p=1\"]}]},{\"@type\":\"BreadcrumbList\",\"@id\":\"https:\/\/www.verter.org.mx\/?p=1#breadcrumb\",\"itemListElement\":[{\"@type\":\"ListItem\",\"position\":1,\"name\":\"Portada\",\"item\":\"https:\/\/www.verter.org.mx\/\"},{\"@type\":\"ListItem\",\"position\":2,\"name\":\"Bienvenid@s al sitio electr\u00f3nico de Verter AC\"}]},{\"@type\":\"WebSite\",\"@id\":\"https:\/\/www.verter.org.mx\/#website\",\"url\":\"https:\/\/www.verter.org.mx\/\",\"name\":\"Verter AC\",\"description\":\"Integraci\u00f3n Social Verter\",\"publisher\":{\"@id\":\"https:\/\/www.verter.org.mx\/#organization\"},\"potentialAction\":[{\"@type\":\"SearchAction\",\"target\":{\"@type\":\"EntryPoint\",\"urlTemplate\":\"https:\/\/www.verter.org.mx\/?s={search_term_string}\"},\"query-input\":{\"@type\":\"PropertyValueSpecification\",\"valueRequired\":true,\"valueName\":\"search_term_string\"}}],\"inLanguage\":\"es\"},{\"@type\":\"Organization\",\"@id\":\"https:\/\/www.verter.org.mx\/#organization\",\"name\":\"Verter AC\",\"url\":\"https:\/\/www.verter.org.mx\/\",\"logo\":{\"@type\":\"ImageObject\",\"inLanguage\":\"es\",\"@id\":\"https:\/\/www.verter.org.mx\/#\/schema\/logo\/image\/\",\"url\":\"https:\/\/www.verter.org.mx\/wp-content\/uploads\/2022\/05\/cropped-LOGO-VERTER.png\",\"contentUrl\":\"https:\/\/www.verter.org.mx\/wp-content\/uploads\/2022\/05\/cropped-LOGO-VERTER.png\",\"width\":529,\"height\":470,\"caption\":\"Verter AC\"},\"image\":{\"@id\":\"https:\/\/www.verter.org.mx\/#\/schema\/logo\/image\/\"}},{\"@type\":\"Person\",\"@id\":\"https:\/\/www.verter.org.mx\/#\/schema\/person\/97cce56dbbfe584213cb61e4b96cd823\",\"name\":\"VerterAC\",\"image\":{\"@type\":\"ImageObject\",\"inLanguage\":\"es\",\"@id\":\"https:\/\/secure.gravatar.com\/avatar\/948e35d1132ddc50338339dfcbe46161859ed6024ee9cac0f08cb690e361214b?s=96&d=mm&r=g\",\"url\":\"https:\/\/secure.gravatar.com\/avatar\/948e35d1132ddc50338339dfcbe46161859ed6024ee9cac0f08cb690e361214b?s=96&d=mm&r=g\",\"contentUrl\":\"https:\/\/secure.gravatar.com\/avatar\/948e35d1132ddc50338339dfcbe46161859ed6024ee9cac0f08cb690e361214b?s=96&d=mm&r=g\",\"caption\":\"VerterAC\"},\"description\":\"Verter es una organizaci\u00f3n de la sociedad civil que fue fundada en M\u00e9xico en el a\u00f1o 2013 para dise\u00f1ar, gestionar y operar proyectos sociales de salud p\u00fablica y derechos humanos entre poblaciones vulnerabilizadas.\",\"sameAs\":[\"https:\/\/www.verter.org.mx\",\"https:\/\/www.facebook.com\/VerterAC\",\"https:\/\/www.instagram.com\/verter.ac\/\",\"linkedin.com\/company-social-verter-a-c-\",\"https:\/\/x.com\/VerterAC\",\"https:\/\/www.youtube.com\/@VerterAC\"],\"url\":\"https:\/\/www.verter.org.mx\/?author=1\"}]}<\/script>\n<!-- \/ Yoast SEO plugin. -->","yoast_head_json":{"title":"Bienvenid@s al sitio electr\u00f3nico de Verter AC - Verter AC","description":"Hemos reestructurado la p\u00e1gina electr\u00f3nica de Integraci\u00f3n Social Verter A C. en donde encontrar\u00e1n toda la informaci\u00f3n necesaria para conocer los ejes de trabajo organizacional","robots":{"index":"index","follow":"follow","max-snippet":"max-snippet:-1","max-image-preview":"max-image-preview:large","max-video-preview":"max-video-preview:-1"},"canonical":"https:\/\/www.verter.org.mx\/?p=1","og_locale":"es_ES","og_type":"article","og_title":"Bienvenid@s al sitio electr\u00f3nico de Verter AC - Verter AC","og_description":"Hemos reestructurado la p\u00e1gina electr\u00f3nica de Integraci\u00f3n Social Verter A C. en donde encontrar\u00e1n toda la informaci\u00f3n necesaria para conocer los ejes de trabajo organizacional","og_url":"https:\/\/www.verter.org.mx\/?p=1","og_site_name":"Verter AC","article_author":"https:\/\/www.facebook.com\/VerterAC","article_published_time":"2022-05-10T22:22:38+00:00","article_modified_time":"2025-09-12T19:42:39+00:00","author":"VerterAC","twitter_card":"summary_large_image","twitter_creator":"@VerterAC","twitter_misc":{"Escrito por":"VerterAC","Tiempo de lectura":"1 minuto"},"schema":{"@context":"https:\/\/schema.org","@graph":[{"@type":"Article","@id":"https:\/\/www.verter.org.mx\/?p=1#article","isPartOf":{"@id":"https:\/\/www.verter.org.mx\/?p=1"},"author":{"name":"VerterAC","@id":"https:\/\/www.verter.org.mx\/#\/schema\/person\/97cce56dbbfe584213cb61e4b96cd823"},"headline":"Bienvenid@s al sitio electr\u00f3nico de Verter AC","datePublished":"2022-05-10T22:22:38+00:00","dateModified":"2025-09-12T19:42:39+00:00","mainEntityOfPage":{"@id":"https:\/\/www.verter.org.mx\/?p=1"},"wordCount":44,"commentCount":0,"publisher":{"@id":"https:\/\/www.verter.org.mx\/#organization"},"articleSection":["Uncategorized"],"inLanguage":"es","potentialAction":[{"@type":"CommentAction","name":"Comment","target":["https:\/\/www.verter.org.mx\/?p=1#respond"]}]},{"@type":"WebPage","@id":"https:\/\/www.verter.org.mx\/?p=1","url":"https:\/\/www.verter.org.mx\/?p=1","name":"Bienvenid@s al sitio electr\u00f3nico de Verter AC - Verter AC","isPartOf":{"@id":"https:\/\/www.verter.org.mx\/#website"},"datePublished":"2022-05-10T22:22:38+00:00","dateModified":"2025-09-12T19:42:39+00:00","description":"Hemos reestructurado la p\u00e1gina electr\u00f3nica de Integraci\u00f3n Social Verter A C. en donde encontrar\u00e1n toda la informaci\u00f3n necesaria para conocer los ejes de trabajo organizacional","breadcrumb":{"@id":"https:\/\/www.verter.org.mx\/?p=1#breadcrumb"},"inLanguage":"es","potentialAction":[{"@type":"ReadAction","target":["https:\/\/www.verter.org.mx\/?p=1"]}]},{"@type":"BreadcrumbList","@id":"https:\/\/www.verter.org.mx\/?p=1#breadcrumb","itemListElement":[{"@type":"ListItem","position":1,"name":"Portada","item":"https:\/\/www.verter.org.mx\/"},{"@type":"ListItem","position":2,"name":"Bienvenid@s al sitio electr\u00f3nico de Verter AC"}]},{"@type":"WebSite","@id":"https:\/\/www.verter.org.mx\/#website","url":"https:\/\/www.verter.org.mx\/","name":"Verter AC","description":"Integraci\u00f3n Social Verter","publisher":{"@id":"https:\/\/www.verter.org.mx\/#organization"},"potentialAction":[{"@type":"SearchAction","target":{"@type":"EntryPoint","urlTemplate":"https:\/\/www.verter.org.mx\/?s={search_term_string}"},"query-input":{"@type":"PropertyValueSpecification","valueRequired":true,"valueName":"search_term_string"}}],"inLanguage":"es"},{"@type":"Organization","@id":"https:\/\/www.verter.org.mx\/#organization","name":"Verter AC","url":"https:\/\/www.verter.org.mx\/","logo":{"@type":"ImageObject","inLanguage":"es","@id":"https:\/\/www.verter.org.mx\/#\/schema\/logo\/image\/","url":"https:\/\/www.verter.org.mx\/wp-content\/uploads\/2022\/05\/cropped-LOGO-VERTER.png","contentUrl":"https:\/\/www.verter.org.mx\/wp-content\/uploads\/2022\/05\/cropped-LOGO-VERTER.png","width":529,"height":470,"caption":"Verter AC"},"image":{"@id":"https:\/\/www.verter.org.mx\/#\/schema\/logo\/image\/"}},{"@type":"Person","@id":"https:\/\/www.verter.org.mx\/#\/schema\/person\/97cce56dbbfe584213cb61e4b96cd823","name":"VerterAC","image":{"@type":"ImageObject","inLanguage":"es","@id":"https:\/\/secure.gravatar.com\/avatar\/948e35d1132ddc50338339dfcbe46161859ed6024ee9cac0f08cb690e361214b?s=96&d=mm&r=g","url":"https:\/\/secure.gravatar.com\/avatar\/948e35d1132ddc50338339dfcbe46161859ed6024ee9cac0f08cb690e361214b?s=96&d=mm&r=g","contentUrl":"https:\/\/secure.gravatar.com\/avatar\/948e35d1132ddc50338339dfcbe46161859ed6024ee9cac0f08cb690e361214b?s=96&d=mm&r=g","caption":"VerterAC"},"description":"Verter es una organizaci\u00f3n de la sociedad civil que fue fundada en M\u00e9xico en el a\u00f1o 2013 para dise\u00f1ar, gestionar y operar proyectos sociales de salud p\u00fablica y derechos humanos entre poblaciones vulnerabilizadas.","sameAs":["https:\/\/www.verter.org.mx","https:\/\/www.facebook.com\/VerterAC","https:\/\/www.instagram.com\/verter.ac\/","linkedin.com\/company-social-verter-a-c-","https:\/\/x.com\/VerterAC","https:\/\/www.youtube.com\/@VerterAC"],"url":"https:\/\/www.verter.org.mx\/?author=1"}]}},"_links":{"self":[{"href":"https:\/\/www.verter.org.mx\/index.php?rest_route=\/wp\/v2\/posts\/1","targetHints":{"allow":["GET"]}}],"collection":[{"href":"https:\/\/www.verter.org.mx\/index.php?rest_route=\/wp\/v2\/posts"}],"about":[{"href":"https:\/\/www.verter.org.mx\/index.php?rest_route=\/wp\/v2\/types\/post"}],"author":[{"embeddable":true,"href":"https:\/\/www.verter.org.mx\/index.php?rest_route=\/wp\/v2\/users\/1"}],"replies":[{"embeddable":true,"href":"https:\/\/www.verter.org.mx\/index.php?rest_route=%2Fwp%2Fv2%2Fcomments&post=1"}],"version-history":[{"count":2,"href":"https:\/\/www.verter.org.mx\/index.php?rest_route=\/wp\/v2\/posts\/1\/revisions"}],"predecessor-version":[{"id":166,"href":"https:\/\/www.verter.org.mx\/index.php?rest_route=\/wp\/v2\/posts\/1\/revisions\/166"}],"wp:attachment":[{"href":"https:\/\/www.verter.org.mx\/index.php?rest_route=%2Fwp%2Fv2%2Fmedia&parent=1"}],"wp:term":[{"taxonomy":"category","embeddable":true,"href":"https:\/\/www.verter.org.mx\/index.php?rest_route=%2Fwp%2Fv2%2Fcategories&post=1"},{"taxonomy":"post_tag","embeddable":true,"href":"https:\/\/www.verter.org.mx\/index.php?rest_route=%2Fwp%2Fv2%2Ftags&post=1"}],"curies":[{"name":"wp","href":"https:\/\/api.w.org\/{rel}","templated":true}]}}